{"id":1663,"date":"2021-09-12T14:58:50","date_gmt":"2021-09-12T12:58:50","guid":{"rendered":"http:\/\/wetown-test.codigitalab.com\/2021\/09\/12\/quart-escull-el-nom-duna-placa-amb-wetown\/"},"modified":"2026-01-12T16:12:20","modified_gmt":"2026-01-12T15:12:20","slug":"quart-escoge-el-nombre-de-una-plaza-con-wetown","status":"publish","type":"post","link":"https:\/\/wetown.app\/es\/quart-escoge-el-nombre-de-una-plaza-con-wetown","title":{"rendered":"Quart elige el nombre de una plaza con WeTown."},"content":{"rendered":"\t\t<div data-elementor-type=\"wp-post\" data-elementor-id=\"1663\" class=\"elementor elementor-1663\" data-elementor-post-type=\"post\">\n\t\t\t\t\t\t<section class=\"elementor-section elementor-top-section elementor-element elementor-element-627029ad elementor-section-boxed elementor-section-height-default elementor-section-height-default\" data-id=\"627029ad\" data-element_type=\"section\" data-e-type=\"section\">\n\t\t\t\t\t\t<div class=\"elementor-container elementor-column-gap-default\">\n\t\t\t\t\t<div class=\"elementor-column elementor-col-100 elementor-top-column elementor-element elementor-element-3841c057\" data-id=\"3841c057\" data-element_type=\"column\" data-e-type=\"column\">\n\t\t\t<div class=\"elementor-widget-wrap elementor-element-populated\">\n\t\t\t\t\t\t<div class=\"elementor-element elementor-element-6e33ae37 elementor-widget elementor-widget-text-editor\" data-id=\"6e33ae37\" data-element_type=\"widget\" data-e-type=\"widget\" data-widget_type=\"text-editor.default\">\n\t\t\t\t<div class=\"elementor-widget-container\">\n\t\t\t\t\t\t\t\t\t\n<p>El pasado 16 de abril de 2021, el ayuntamiento de Quart y WeTown comenzaron un acuerdo de colaboraci\u00f3n para llevar a cabo una prueba piloto en el municipio con la plataforma de comunicaci\u00f3n y participaci\u00f3n ciudadana WeTown. Hoy se ven los primeros resultados con la finalizaci\u00f3n de la consulta popular que sirvi\u00f3 para elegir el nombre de la plaza del pabell\u00f3n.<\/p>\n<p>En este sentido, el ente municipal de Quart lanz\u00f3 una consulta popular con el objetivo de elegir el nombre de la recientemente inaugurada plaza del pabell\u00f3n. Concretamente, desde el Ayuntamiento se propusieron tres nombres relacionados con la historia y la cultura del pueblo: Carme Par\u00e9s (Catequista), Carme Ibarz (Exdirectora de la escuela Santa Margarida) y Pla\u00e7a les Terrisseres (Un s\u00edmbolo de las tradiciones del pueblo).<\/p>\n<p>Despu\u00e9s de tres semanas de actividad, la consulta ha finalizado con la participaci\u00f3n de un centenar de personas, que a trav\u00e9s de la app de WeTown han decidido que la plaza del pabell\u00f3n pasar\u00e1 a llamarse Pla\u00e7a les Terrisseres.<\/p>\n<p>Desde WeTown, se celebra la buena acogida de la app en el municipio de Quart, que adem\u00e1s de la consulta popular, ya ha servido para notificar 7 incidencias en la v\u00eda p\u00fablica y el ayuntamiento est\u00e1 pendiente de valorar 8 propuestas ciudadanas que han recibido el apoyo de sus conciudadanos. Adem\u00e1s, el equipo de WeTown seguir\u00e1 trabajando para mejorar la plataforma con el objetivo de permitir consultas m\u00e1s abiertas, m\u00e1s informaci\u00f3n y recursos \u00fatiles tanto para la ciudadan\u00eda como para los ayuntamientos.<\/p>\n\t\t\t\t\t\t\t\t<\/div>\n\t\t\t\t<\/div>\n\t\t\t\t\t<\/div>\n\t\t<\/div>\n\t\t\t\t\t<\/div>\n\t\t<\/section>\n\t\t\t\t<\/div>\n\t\t","protected":false},"excerpt":{"rendered":"<p>El pasado 16 de abril de 2021, el ayuntamiento de Quart y WeTown comenzaron un acuerdo de colaboraci\u00f3n para llevar a cabo una prueba piloto en el municipio con la plataforma de comunicaci\u00f3n y participaci\u00f3n ciudadana WeTown. Hoy se ven los primeros resultados con la finalizaci\u00f3n de la consulta popular que sirvi\u00f3 para elegir el [&hellip;]<\/p>\n","protected":false},"author":1,"featured_media":1290,"comment_status":"closed","ping_status":"open","sticky":false,"template":"","format":"standard","meta":{"_monsterinsights_skip_tracking":false,"_monsterinsights_sitenote_active":false,"_monsterinsights_sitenote_note":"","_monsterinsights_sitenote_category":0,"footnotes":""},"categories":[35],"tags":[],"class_list":["post-1663","post","type-post","status-publish","format-standard","has-post-thumbnail","hentry","category-actualidad"],"yoast_head":"<!-- This site is optimized with the Yoast SEO plugin v27.4 - https:\/\/yoast.com\/product\/yoast-seo-wordpress\/ -->\n<title>Quart elige el nombre de una plaza con WeTown. | WeTown<\/title>\n<meta name=\"robots\" content=\"index, follow, max-snippet:-1, max-image-preview:large, max-video-preview:-1\" \/>\n<link rel=\"canonical\" href=\"https:\/\/wetown.app\/es\/quart-escoge-el-nombre-de-una-plaza-con-wetown\" \/>\n<meta property=\"og:locale\" content=\"es_ES\" \/>\n<meta property=\"og:type\" content=\"article\" \/>\n<meta property=\"og:title\" content=\"Quart elige el nombre de una plaza con WeTown. | WeTown\" \/>\n<meta property=\"og:description\" content=\"El pasado 16 de abril de 2021, el ayuntamiento de Quart y WeTown comenzaron un acuerdo de colaboraci\u00f3n para llevar a cabo una prueba piloto en el municipio con la plataforma de comunicaci\u00f3n y participaci\u00f3n ciudadana WeTown. Hoy se ven los primeros resultados con la finalizaci\u00f3n de la consulta popular que sirvi\u00f3 para elegir el [&hellip;]\" \/>\n<meta property=\"og:url\" content=\"https:\/\/wetown.app\/es\/quart-escoge-el-nombre-de-una-plaza-con-wetown\" \/>\n<meta property=\"og:site_name\" content=\"WeTown\" \/>\n<meta property=\"article:published_time\" content=\"2021-09-12T12:58:50+00:00\" \/>\n<meta property=\"article:modified_time\" content=\"2026-01-12T15:12:20+00:00\" \/>\n<meta property=\"og:image\" content=\"https:\/\/wetown.app\/wp-content\/uploads\/2023\/09\/WhatsApp-Image-2021-04-16-at-08.17.37.jpeg\" \/>\n\t<meta property=\"og:image:width\" content=\"1200\" \/>\n\t<meta property=\"og:image:height\" content=\"768\" \/>\n\t<meta property=\"og:image:type\" content=\"image\/jpeg\" \/>\n<meta name=\"author\" content=\"Codigital\" \/>\n<meta name=\"twitter:card\" content=\"summary_large_image\" \/>\n<meta name=\"twitter:label1\" content=\"Escrito por\" \/>\n\t<meta name=\"twitter:data1\" content=\"Codigital\" \/>\n\t<meta name=\"twitter:label2\" content=\"Tiempo de lectura\" \/>\n\t<meta name=\"twitter:data2\" content=\"2 minutos\" \/>\n<script type=\"application\/ld+json\" class=\"yoast-schema-graph\">{\"@context\":\"https:\\\/\\\/schema.org\",\"@graph\":[{\"@type\":\"Article\",\"@id\":\"https:\\\/\\\/wetown.app\\\/es\\\/quart-escoge-el-nombre-de-una-plaza-con-wetown#article\",\"isPartOf\":{\"@id\":\"https:\\\/\\\/wetown.app\\\/es\\\/quart-escoge-el-nombre-de-una-plaza-con-wetown\"},\"author\":{\"name\":\"Codigital\",\"@id\":\"https:\\\/\\\/wetown.app\\\/es#\\\/schema\\\/person\\\/a9ac1e739a3c357d4d78394f545504c5\"},\"headline\":\"Quart elige el nombre de una plaza con WeTown.\",\"datePublished\":\"2021-09-12T12:58:50+00:00\",\"dateModified\":\"2026-01-12T15:12:20+00:00\",\"mainEntityOfPage\":{\"@id\":\"https:\\\/\\\/wetown.app\\\/es\\\/quart-escoge-el-nombre-de-una-plaza-con-wetown\"},\"wordCount\":274,\"publisher\":{\"@id\":\"https:\\\/\\\/wetown.app\\\/es#organization\"},\"image\":{\"@id\":\"https:\\\/\\\/wetown.app\\\/es\\\/quart-escoge-el-nombre-de-una-plaza-con-wetown#primaryimage\"},\"thumbnailUrl\":\"https:\\\/\\\/wetown.app\\\/wp-content\\\/uploads\\\/2023\\\/09\\\/WhatsApp-Image-2021-04-16-at-08.17.37.jpeg\",\"articleSection\":[\"Actualidad\"],\"inLanguage\":\"es\"},{\"@type\":\"WebPage\",\"@id\":\"https:\\\/\\\/wetown.app\\\/es\\\/quart-escoge-el-nombre-de-una-plaza-con-wetown\",\"url\":\"https:\\\/\\\/wetown.app\\\/es\\\/quart-escoge-el-nombre-de-una-plaza-con-wetown\",\"name\":\"Quart elige el nombre de una plaza con WeTown. | WeTown\",\"isPartOf\":{\"@id\":\"https:\\\/\\\/wetown.app\\\/es#website\"},\"primaryImageOfPage\":{\"@id\":\"https:\\\/\\\/wetown.app\\\/es\\\/quart-escoge-el-nombre-de-una-plaza-con-wetown#primaryimage\"},\"image\":{\"@id\":\"https:\\\/\\\/wetown.app\\\/es\\\/quart-escoge-el-nombre-de-una-plaza-con-wetown#primaryimage\"},\"thumbnailUrl\":\"https:\\\/\\\/wetown.app\\\/wp-content\\\/uploads\\\/2023\\\/09\\\/WhatsApp-Image-2021-04-16-at-08.17.37.jpeg\",\"datePublished\":\"2021-09-12T12:58:50+00:00\",\"dateModified\":\"2026-01-12T15:12:20+00:00\",\"breadcrumb\":{\"@id\":\"https:\\\/\\\/wetown.app\\\/es\\\/quart-escoge-el-nombre-de-una-plaza-con-wetown#breadcrumb\"},\"inLanguage\":\"es\",\"potentialAction\":[{\"@type\":\"ReadAction\",\"target\":[\"https:\\\/\\\/wetown.app\\\/es\\\/quart-escoge-el-nombre-de-una-plaza-con-wetown\"]}]},{\"@type\":\"ImageObject\",\"inLanguage\":\"es\",\"@id\":\"https:\\\/\\\/wetown.app\\\/es\\\/quart-escoge-el-nombre-de-una-plaza-con-wetown#primaryimage\",\"url\":\"https:\\\/\\\/wetown.app\\\/wp-content\\\/uploads\\\/2023\\\/09\\\/WhatsApp-Image-2021-04-16-at-08.17.37.jpeg\",\"contentUrl\":\"https:\\\/\\\/wetown.app\\\/wp-content\\\/uploads\\\/2023\\\/09\\\/WhatsApp-Image-2021-04-16-at-08.17.37.jpeg\",\"width\":1200,\"height\":768},{\"@type\":\"BreadcrumbList\",\"@id\":\"https:\\\/\\\/wetown.app\\\/es\\\/quart-escoge-el-nombre-de-una-plaza-con-wetown#breadcrumb\",\"itemListElement\":[{\"@type\":\"ListItem\",\"position\":1,\"name\":\"Inici\",\"item\":\"https:\\\/\\\/wetown.app\\\/es\"},{\"@type\":\"ListItem\",\"position\":2,\"name\":\"Quart elige el nombre de una plaza con WeTown.\"}]},{\"@type\":\"WebSite\",\"@id\":\"https:\\\/\\\/wetown.app\\\/es#website\",\"url\":\"https:\\\/\\\/wetown.app\\\/es\",\"name\":\"WeTown\",\"description\":\"El canal de comunicaci\u00f3 municipal\",\"publisher\":{\"@id\":\"https:\\\/\\\/wetown.app\\\/es#organization\"},\"alternateName\":\"wetown\",\"potentialAction\":[{\"@type\":\"SearchAction\",\"target\":{\"@type\":\"EntryPoint\",\"urlTemplate\":\"https:\\\/\\\/wetown.app\\\/es?s={search_term_string}\"},\"query-input\":{\"@type\":\"PropertyValueSpecification\",\"valueRequired\":true,\"valueName\":\"search_term_string\"}}],\"inLanguage\":\"es\"},{\"@type\":\"Organization\",\"@id\":\"https:\\\/\\\/wetown.app\\\/es#organization\",\"name\":\"WeTown\",\"alternateName\":\"WeTown\",\"url\":\"https:\\\/\\\/wetown.app\\\/es\",\"logo\":{\"@type\":\"ImageObject\",\"inLanguage\":\"es\",\"@id\":\"https:\\\/\\\/wetown.app\\\/es#\\\/schema\\\/logo\\\/image\\\/\",\"url\":\"https:\\\/\\\/wetown.app\\\/wp-content\\\/uploads\\\/2025\\\/10\\\/Logotip_WeTown_Horitzontal_Positiu.svg\",\"contentUrl\":\"https:\\\/\\\/wetown.app\\\/wp-content\\\/uploads\\\/2025\\\/10\\\/Logotip_WeTown_Horitzontal_Positiu.svg\",\"width\":622,\"height\":120,\"caption\":\"WeTown\"},\"image\":{\"@id\":\"https:\\\/\\\/wetown.app\\\/es#\\\/schema\\\/logo\\\/image\\\/\"}},{\"@type\":\"Person\",\"@id\":\"https:\\\/\\\/wetown.app\\\/es#\\\/schema\\\/person\\\/a9ac1e739a3c357d4d78394f545504c5\",\"name\":\"Codigital\",\"image\":{\"@type\":\"ImageObject\",\"inLanguage\":\"es\",\"@id\":\"https:\\\/\\\/secure.gravatar.com\\\/avatar\\\/103c9cda70d4ae7863e525770df3ff329a280e49540c3474b10e1094b6d86bd9?s=96&d=mm&r=g\",\"url\":\"https:\\\/\\\/secure.gravatar.com\\\/avatar\\\/103c9cda70d4ae7863e525770df3ff329a280e49540c3474b10e1094b6d86bd9?s=96&d=mm&r=g\",\"contentUrl\":\"https:\\\/\\\/secure.gravatar.com\\\/avatar\\\/103c9cda70d4ae7863e525770df3ff329a280e49540c3474b10e1094b6d86bd9?s=96&d=mm&r=g\",\"caption\":\"Codigital\"},\"sameAs\":[\"http:\\\/\\\/wetown.app\"]}]}<\/script>\n<!-- \/ Yoast SEO plugin. -->","yoast_head_json":{"title":"Quart elige el nombre de una plaza con WeTown. | WeTown","robots":{"index":"index","follow":"follow","max-snippet":"max-snippet:-1","max-image-preview":"max-image-preview:large","max-video-preview":"max-video-preview:-1"},"canonical":"https:\/\/wetown.app\/es\/quart-escoge-el-nombre-de-una-plaza-con-wetown","og_locale":"es_ES","og_type":"article","og_title":"Quart elige el nombre de una plaza con WeTown. | WeTown","og_description":"El pasado 16 de abril de 2021, el ayuntamiento de Quart y WeTown comenzaron un acuerdo de colaboraci\u00f3n para llevar a cabo una prueba piloto en el municipio con la plataforma de comunicaci\u00f3n y participaci\u00f3n ciudadana WeTown. Hoy se ven los primeros resultados con la finalizaci\u00f3n de la consulta popular que sirvi\u00f3 para elegir el [&hellip;]","og_url":"https:\/\/wetown.app\/es\/quart-escoge-el-nombre-de-una-plaza-con-wetown","og_site_name":"WeTown","article_published_time":"2021-09-12T12:58:50+00:00","article_modified_time":"2026-01-12T15:12:20+00:00","og_image":[{"width":1200,"height":768,"url":"https:\/\/wetown.app\/wp-content\/uploads\/2023\/09\/WhatsApp-Image-2021-04-16-at-08.17.37.jpeg","type":"image\/jpeg"}],"author":"Codigital","twitter_card":"summary_large_image","twitter_misc":{"Escrito por":"Codigital","Tiempo de lectura":"2 minutos"},"schema":{"@context":"https:\/\/schema.org","@graph":[{"@type":"Article","@id":"https:\/\/wetown.app\/es\/quart-escoge-el-nombre-de-una-plaza-con-wetown#article","isPartOf":{"@id":"https:\/\/wetown.app\/es\/quart-escoge-el-nombre-de-una-plaza-con-wetown"},"author":{"name":"Codigital","@id":"https:\/\/wetown.app\/es#\/schema\/person\/a9ac1e739a3c357d4d78394f545504c5"},"headline":"Quart elige el nombre de una plaza con WeTown.","datePublished":"2021-09-12T12:58:50+00:00","dateModified":"2026-01-12T15:12:20+00:00","mainEntityOfPage":{"@id":"https:\/\/wetown.app\/es\/quart-escoge-el-nombre-de-una-plaza-con-wetown"},"wordCount":274,"publisher":{"@id":"https:\/\/wetown.app\/es#organization"},"image":{"@id":"https:\/\/wetown.app\/es\/quart-escoge-el-nombre-de-una-plaza-con-wetown#primaryimage"},"thumbnailUrl":"https:\/\/wetown.app\/wp-content\/uploads\/2023\/09\/WhatsApp-Image-2021-04-16-at-08.17.37.jpeg","articleSection":["Actualidad"],"inLanguage":"es"},{"@type":"WebPage","@id":"https:\/\/wetown.app\/es\/quart-escoge-el-nombre-de-una-plaza-con-wetown","url":"https:\/\/wetown.app\/es\/quart-escoge-el-nombre-de-una-plaza-con-wetown","name":"Quart elige el nombre de una plaza con WeTown. | WeTown","isPartOf":{"@id":"https:\/\/wetown.app\/es#website"},"primaryImageOfPage":{"@id":"https:\/\/wetown.app\/es\/quart-escoge-el-nombre-de-una-plaza-con-wetown#primaryimage"},"image":{"@id":"https:\/\/wetown.app\/es\/quart-escoge-el-nombre-de-una-plaza-con-wetown#primaryimage"},"thumbnailUrl":"https:\/\/wetown.app\/wp-content\/uploads\/2023\/09\/WhatsApp-Image-2021-04-16-at-08.17.37.jpeg","datePublished":"2021-09-12T12:58:50+00:00","dateModified":"2026-01-12T15:12:20+00:00","breadcrumb":{"@id":"https:\/\/wetown.app\/es\/quart-escoge-el-nombre-de-una-plaza-con-wetown#breadcrumb"},"inLanguage":"es","potentialAction":[{"@type":"ReadAction","target":["https:\/\/wetown.app\/es\/quart-escoge-el-nombre-de-una-plaza-con-wetown"]}]},{"@type":"ImageObject","inLanguage":"es","@id":"https:\/\/wetown.app\/es\/quart-escoge-el-nombre-de-una-plaza-con-wetown#primaryimage","url":"https:\/\/wetown.app\/wp-content\/uploads\/2023\/09\/WhatsApp-Image-2021-04-16-at-08.17.37.jpeg","contentUrl":"https:\/\/wetown.app\/wp-content\/uploads\/2023\/09\/WhatsApp-Image-2021-04-16-at-08.17.37.jpeg","width":1200,"height":768},{"@type":"BreadcrumbList","@id":"https:\/\/wetown.app\/es\/quart-escoge-el-nombre-de-una-plaza-con-wetown#breadcrumb","itemListElement":[{"@type":"ListItem","position":1,"name":"Inici","item":"https:\/\/wetown.app\/es"},{"@type":"ListItem","position":2,"name":"Quart elige el nombre de una plaza con WeTown."}]},{"@type":"WebSite","@id":"https:\/\/wetown.app\/es#website","url":"https:\/\/wetown.app\/es","name":"WeTown","description":"El canal de comunicaci\u00f3 municipal","publisher":{"@id":"https:\/\/wetown.app\/es#organization"},"alternateName":"wetown","potentialAction":[{"@type":"SearchAction","target":{"@type":"EntryPoint","urlTemplate":"https:\/\/wetown.app\/es?s={search_term_string}"},"query-input":{"@type":"PropertyValueSpecification","valueRequired":true,"valueName":"search_term_string"}}],"inLanguage":"es"},{"@type":"Organization","@id":"https:\/\/wetown.app\/es#organization","name":"WeTown","alternateName":"WeTown","url":"https:\/\/wetown.app\/es","logo":{"@type":"ImageObject","inLanguage":"es","@id":"https:\/\/wetown.app\/es#\/schema\/logo\/image\/","url":"https:\/\/wetown.app\/wp-content\/uploads\/2025\/10\/Logotip_WeTown_Horitzontal_Positiu.svg","contentUrl":"https:\/\/wetown.app\/wp-content\/uploads\/2025\/10\/Logotip_WeTown_Horitzontal_Positiu.svg","width":622,"height":120,"caption":"WeTown"},"image":{"@id":"https:\/\/wetown.app\/es#\/schema\/logo\/image\/"}},{"@type":"Person","@id":"https:\/\/wetown.app\/es#\/schema\/person\/a9ac1e739a3c357d4d78394f545504c5","name":"Codigital","image":{"@type":"ImageObject","inLanguage":"es","@id":"https:\/\/secure.gravatar.com\/avatar\/103c9cda70d4ae7863e525770df3ff329a280e49540c3474b10e1094b6d86bd9?s=96&d=mm&r=g","url":"https:\/\/secure.gravatar.com\/avatar\/103c9cda70d4ae7863e525770df3ff329a280e49540c3474b10e1094b6d86bd9?s=96&d=mm&r=g","contentUrl":"https:\/\/secure.gravatar.com\/avatar\/103c9cda70d4ae7863e525770df3ff329a280e49540c3474b10e1094b6d86bd9?s=96&d=mm&r=g","caption":"Codigital"},"sameAs":["http:\/\/wetown.app"]}]}},"_links":{"self":[{"href":"https:\/\/wetown.app\/es\/wp-json\/wp\/v2\/posts\/1663","targetHints":{"allow":["GET"]}}],"collection":[{"href":"https:\/\/wetown.app\/es\/wp-json\/wp\/v2\/posts"}],"about":[{"href":"https:\/\/wetown.app\/es\/wp-json\/wp\/v2\/types\/post"}],"author":[{"embeddable":true,"href":"https:\/\/wetown.app\/es\/wp-json\/wp\/v2\/users\/1"}],"replies":[{"embeddable":true,"href":"https:\/\/wetown.app\/es\/wp-json\/wp\/v2\/comments?post=1663"}],"version-history":[{"count":1,"href":"https:\/\/wetown.app\/es\/wp-json\/wp\/v2\/posts\/1663\/revisions"}],"predecessor-version":[{"id":8350,"href":"https:\/\/wetown.app\/es\/wp-json\/wp\/v2\/posts\/1663\/revisions\/8350"}],"wp:featuredmedia":[{"embeddable":true,"href":"https:\/\/wetown.app\/es\/wp-json\/wp\/v2\/media\/1290"}],"wp:attachment":[{"href":"https:\/\/wetown.app\/es\/wp-json\/wp\/v2\/media?parent=1663"}],"wp:term":[{"taxonomy":"category","embeddable":true,"href":"https:\/\/wetown.app\/es\/wp-json\/wp\/v2\/categories?post=1663"},{"taxonomy":"post_tag","embeddable":true,"href":"https:\/\/wetown.app\/es\/wp-json\/wp\/v2\/tags?post=1663"}],"curies":[{"name":"wp","href":"https:\/\/api.w.org\/{rel}","templated":true}]}}