{"id":345,"date":"2021-09-12T14:58:50","date_gmt":"2021-09-12T12:58:50","guid":{"rendered":"http:\/\/wetown-test.codigitalab.com\/?p=345"},"modified":"2026-01-12T17:30:22","modified_gmt":"2026-01-12T16:30:22","slug":"quart-escull-el-nom-duna-placa-amb-wetown","status":"publish","type":"post","link":"https:\/\/wetown.app\/ca\/quart-escull-el-nom-duna-placa-amb-wetown","title":{"rendered":"Quart escull el nom d\u2019una pla\u00e7a amb WeTown"},"content":{"rendered":"\n<p>El passat dia 16 d\u2019abril del 2021, l\u2019ajuntament de Quart i WeTown van comen\u00e7ar un acord de col\u00b7laboraci\u00f3 per tal d\u2019engegar una prova pilot al municipi amb la plataforma de comunicaci\u00f3 i participaci\u00f3 ciutadana WeTown. Avui veu els primers resultats amb la finalitzaci\u00f3 de la consulta popular que ha servit per escollir el nom de la pla\u00e7a del pavell\u00f3.<\/p>\n\n\n\n<p>En aquest sentit, l\u2019ens municipal de Quart va engegar una consulta popular amb l\u2019objectiu d\u2019escollir el nom de la recentment inaugurada pla\u00e7a del pavell\u00f3. En concret, des de l\u2019Ajuntament es van proposar tres noms vinculats amb la hist\u00f2ria i la cultura del poble: Carme Par\u00e9s (Catequista), Carme Ibarz (Exdirectora de l\u2019escola Santa Margarida) i Pla\u00e7a les Terrisseres (Un s\u00edmbol de les tradicions del poble).<\/p>\n\n\n\n<p>Despr\u00e9s de tres setmanes activa, la consulta ha finalitzat amb la participaci\u00f3 d\u2019un centenar de persones, que a trav\u00e9s de l\u2019app de WeTown han decidit que la pla\u00e7a del pavell\u00f3, passar\u00e0 a anomenar-se la Pla\u00e7a les Terrisseres.<\/p>\n\n\n\n<p>Des de WeTown, se celebra la bona rebuda de l\u2019app al municipi de Quart que a banda de la consulta popular, ja ha servit per notificar 7 incid\u00e8ncies a la via p\u00fablica i l\u2019ajuntament est\u00e0 pendent de valorar 8 propostes ciutadanes que han rebut el suport dels seus conciutadans. A m\u00e9s, l\u2019equip de WeTown seguir\u00e0 treballant per millorar la plataforma amb l\u2019objectiu de permetre consultes m\u00e9s obertes, m\u00e9s informaci\u00f3 i recursos \u00fatils tant per la ciutadania com pels ajuntaments.<\/p>\n","protected":false},"excerpt":{"rendered":"<p>El passat dia 16 d\u2019abril del 2021, l\u2019ajuntament de Quart i WeTown van comen\u00e7ar un acord de col\u00b7laboraci\u00f3 per tal d\u2019engegar una prova pilot al municipi amb la plataforma de comunicaci\u00f3 i participaci\u00f3 ciutadana WeTown. Avui veu els primers resultats amb la finalitzaci\u00f3 de la consulta popular que ha servit per escollir el nom de [&hellip;]<\/p>\n","protected":false},"author":1,"featured_media":346,"comment_status":"closed","ping_status":"closed","sticky":false,"template":"","format":"standard","meta":{"_monsterinsights_skip_tracking":false,"_monsterinsights_sitenote_active":false,"_monsterinsights_sitenote_note":"","_monsterinsights_sitenote_category":0,"footnotes":""},"categories":[34],"tags":[],"class_list":["post-345","post","type-post","status-publish","format-standard","has-post-thumbnail","hentry","category-actualitat"],"yoast_head":"<!-- This site is optimized with the Yoast SEO plugin v27.4 - https:\/\/yoast.com\/product\/yoast-seo-wordpress\/ -->\n<title>Quart escull el nom d\u2019una pla\u00e7a amb WeTown | WeTown<\/title>\n<meta name=\"robots\" content=\"index, follow, max-snippet:-1, max-image-preview:large, max-video-preview:-1\" \/>\n<link rel=\"canonical\" href=\"https:\/\/wetown.app\/ca\/quart-escull-el-nom-duna-placa-amb-wetown\" \/>\n<meta property=\"og:locale\" content=\"ca_ES\" \/>\n<meta property=\"og:type\" content=\"article\" \/>\n<meta property=\"og:title\" content=\"Quart escull el nom d\u2019una pla\u00e7a amb WeTown | WeTown\" \/>\n<meta property=\"og:description\" content=\"El passat dia 16 d\u2019abril del 2021, l\u2019ajuntament de Quart i WeTown van comen\u00e7ar un acord de col\u00b7laboraci\u00f3 per tal d\u2019engegar una prova pilot al municipi amb la plataforma de comunicaci\u00f3 i participaci\u00f3 ciutadana WeTown. Avui veu els primers resultats amb la finalitzaci\u00f3 de la consulta popular que ha servit per escollir el nom de [&hellip;]\" \/>\n<meta property=\"og:url\" content=\"https:\/\/wetown.app\/ca\/quart-escull-el-nom-duna-placa-amb-wetown\" \/>\n<meta property=\"og:site_name\" content=\"WeTown\" \/>\n<meta property=\"article:published_time\" content=\"2021-09-12T12:58:50+00:00\" \/>\n<meta property=\"article:modified_time\" content=\"2026-01-12T16:30:22+00:00\" \/>\n<meta property=\"og:image\" content=\"https:\/\/wetown.app\/wp-content\/uploads\/2023\/09\/WhatsApp-Image-2021-04-16-at-08.17.37.jpeg\" \/>\n\t<meta property=\"og:image:width\" content=\"1200\" \/>\n\t<meta property=\"og:image:height\" content=\"768\" \/>\n\t<meta property=\"og:image:type\" content=\"image\/jpeg\" \/>\n<meta name=\"author\" content=\"Codigital\" \/>\n<meta name=\"twitter:card\" content=\"summary_large_image\" \/>\n<meta name=\"twitter:label1\" content=\"Escrit per\" \/>\n\t<meta name=\"twitter:data1\" content=\"Codigital\" \/>\n\t<meta name=\"twitter:label2\" content=\"Temps estimat de lectura\" \/>\n\t<meta name=\"twitter:data2\" content=\"2 minuts\" \/>\n<script type=\"application\/ld+json\" class=\"yoast-schema-graph\">{\"@context\":\"https:\\\/\\\/schema.org\",\"@graph\":[{\"@type\":\"Article\",\"@id\":\"https:\\\/\\\/wetown.app\\\/ca\\\/quart-escull-el-nom-duna-placa-amb-wetown#article\",\"isPartOf\":{\"@id\":\"https:\\\/\\\/wetown.app\\\/ca\\\/quart-escull-el-nom-duna-placa-amb-wetown\"},\"author\":{\"name\":\"Codigital\",\"@id\":\"https:\\\/\\\/wetown.app\\\/ca\\\/#\\\/schema\\\/person\\\/a9ac1e739a3c357d4d78394f545504c5\"},\"headline\":\"Quart escull el nom d\u2019una pla\u00e7a amb WeTown\",\"datePublished\":\"2021-09-12T12:58:50+00:00\",\"dateModified\":\"2026-01-12T16:30:22+00:00\",\"mainEntityOfPage\":{\"@id\":\"https:\\\/\\\/wetown.app\\\/ca\\\/quart-escull-el-nom-duna-placa-amb-wetown\"},\"wordCount\":276,\"publisher\":{\"@id\":\"https:\\\/\\\/wetown.app\\\/ca\\\/#organization\"},\"image\":{\"@id\":\"https:\\\/\\\/wetown.app\\\/ca\\\/quart-escull-el-nom-duna-placa-amb-wetown#primaryimage\"},\"thumbnailUrl\":\"https:\\\/\\\/wetown.app\\\/wp-content\\\/uploads\\\/2023\\\/09\\\/WhatsApp-Image-2021-04-16-at-08.17.37.jpeg\",\"articleSection\":[\"Actualitat\"],\"inLanguage\":\"ca\"},{\"@type\":\"WebPage\",\"@id\":\"https:\\\/\\\/wetown.app\\\/ca\\\/quart-escull-el-nom-duna-placa-amb-wetown\",\"url\":\"https:\\\/\\\/wetown.app\\\/ca\\\/quart-escull-el-nom-duna-placa-amb-wetown\",\"name\":\"Quart escull el nom d\u2019una pla\u00e7a amb WeTown | WeTown\",\"isPartOf\":{\"@id\":\"https:\\\/\\\/wetown.app\\\/ca\\\/#website\"},\"primaryImageOfPage\":{\"@id\":\"https:\\\/\\\/wetown.app\\\/ca\\\/quart-escull-el-nom-duna-placa-amb-wetown#primaryimage\"},\"image\":{\"@id\":\"https:\\\/\\\/wetown.app\\\/ca\\\/quart-escull-el-nom-duna-placa-amb-wetown#primaryimage\"},\"thumbnailUrl\":\"https:\\\/\\\/wetown.app\\\/wp-content\\\/uploads\\\/2023\\\/09\\\/WhatsApp-Image-2021-04-16-at-08.17.37.jpeg\",\"datePublished\":\"2021-09-12T12:58:50+00:00\",\"dateModified\":\"2026-01-12T16:30:22+00:00\",\"breadcrumb\":{\"@id\":\"https:\\\/\\\/wetown.app\\\/ca\\\/quart-escull-el-nom-duna-placa-amb-wetown#breadcrumb\"},\"inLanguage\":\"ca\",\"potentialAction\":[{\"@type\":\"ReadAction\",\"target\":[\"https:\\\/\\\/wetown.app\\\/ca\\\/quart-escull-el-nom-duna-placa-amb-wetown\"]}]},{\"@type\":\"ImageObject\",\"inLanguage\":\"ca\",\"@id\":\"https:\\\/\\\/wetown.app\\\/ca\\\/quart-escull-el-nom-duna-placa-amb-wetown#primaryimage\",\"url\":\"https:\\\/\\\/wetown.app\\\/wp-content\\\/uploads\\\/2023\\\/09\\\/WhatsApp-Image-2021-04-16-at-08.17.37.jpeg\",\"contentUrl\":\"https:\\\/\\\/wetown.app\\\/wp-content\\\/uploads\\\/2023\\\/09\\\/WhatsApp-Image-2021-04-16-at-08.17.37.jpeg\",\"width\":1200,\"height\":768},{\"@type\":\"BreadcrumbList\",\"@id\":\"https:\\\/\\\/wetown.app\\\/ca\\\/quart-escull-el-nom-duna-placa-amb-wetown#breadcrumb\",\"itemListElement\":[{\"@type\":\"ListItem\",\"position\":1,\"name\":\"Inici\",\"item\":\"https:\\\/\\\/wetown.app\\\/ca\"},{\"@type\":\"ListItem\",\"position\":2,\"name\":\"Quart escull el nom d\u2019una pla\u00e7a amb WeTown\"}]},{\"@type\":\"WebSite\",\"@id\":\"https:\\\/\\\/wetown.app\\\/ca\\\/#website\",\"url\":\"https:\\\/\\\/wetown.app\\\/ca\\\/\",\"name\":\"WeTown\",\"description\":\"El canal de comunicaci\u00f3 municipal\",\"publisher\":{\"@id\":\"https:\\\/\\\/wetown.app\\\/ca\\\/#organization\"},\"alternateName\":\"wetown\",\"potentialAction\":[{\"@type\":\"SearchAction\",\"target\":{\"@type\":\"EntryPoint\",\"urlTemplate\":\"https:\\\/\\\/wetown.app\\\/ca\\\/?s={search_term_string}\"},\"query-input\":{\"@type\":\"PropertyValueSpecification\",\"valueRequired\":true,\"valueName\":\"search_term_string\"}}],\"inLanguage\":\"ca\"},{\"@type\":\"Organization\",\"@id\":\"https:\\\/\\\/wetown.app\\\/ca\\\/#organization\",\"name\":\"WeTown\",\"alternateName\":\"WeTown\",\"url\":\"https:\\\/\\\/wetown.app\\\/ca\\\/\",\"logo\":{\"@type\":\"ImageObject\",\"inLanguage\":\"ca\",\"@id\":\"https:\\\/\\\/wetown.app\\\/ca\\\/#\\\/schema\\\/logo\\\/image\\\/\",\"url\":\"https:\\\/\\\/wetown.app\\\/wp-content\\\/uploads\\\/2025\\\/10\\\/Logotip_WeTown_Horitzontal_Positiu.svg\",\"contentUrl\":\"https:\\\/\\\/wetown.app\\\/wp-content\\\/uploads\\\/2025\\\/10\\\/Logotip_WeTown_Horitzontal_Positiu.svg\",\"width\":622,\"height\":120,\"caption\":\"WeTown\"},\"image\":{\"@id\":\"https:\\\/\\\/wetown.app\\\/ca\\\/#\\\/schema\\\/logo\\\/image\\\/\"}},{\"@type\":\"Person\",\"@id\":\"https:\\\/\\\/wetown.app\\\/ca\\\/#\\\/schema\\\/person\\\/a9ac1e739a3c357d4d78394f545504c5\",\"name\":\"Codigital\",\"image\":{\"@type\":\"ImageObject\",\"inLanguage\":\"ca\",\"@id\":\"https:\\\/\\\/secure.gravatar.com\\\/avatar\\\/103c9cda70d4ae7863e525770df3ff329a280e49540c3474b10e1094b6d86bd9?s=96&d=mm&r=g\",\"url\":\"https:\\\/\\\/secure.gravatar.com\\\/avatar\\\/103c9cda70d4ae7863e525770df3ff329a280e49540c3474b10e1094b6d86bd9?s=96&d=mm&r=g\",\"contentUrl\":\"https:\\\/\\\/secure.gravatar.com\\\/avatar\\\/103c9cda70d4ae7863e525770df3ff329a280e49540c3474b10e1094b6d86bd9?s=96&d=mm&r=g\",\"caption\":\"Codigital\"},\"sameAs\":[\"http:\\\/\\\/wetown.app\"]}]}<\/script>\n<!-- \/ Yoast SEO plugin. -->","yoast_head_json":{"title":"Quart escull el nom d\u2019una pla\u00e7a amb WeTown | WeTown","robots":{"index":"index","follow":"follow","max-snippet":"max-snippet:-1","max-image-preview":"max-image-preview:large","max-video-preview":"max-video-preview:-1"},"canonical":"https:\/\/wetown.app\/ca\/quart-escull-el-nom-duna-placa-amb-wetown","og_locale":"ca_ES","og_type":"article","og_title":"Quart escull el nom d\u2019una pla\u00e7a amb WeTown | WeTown","og_description":"El passat dia 16 d\u2019abril del 2021, l\u2019ajuntament de Quart i WeTown van comen\u00e7ar un acord de col\u00b7laboraci\u00f3 per tal d\u2019engegar una prova pilot al municipi amb la plataforma de comunicaci\u00f3 i participaci\u00f3 ciutadana WeTown. Avui veu els primers resultats amb la finalitzaci\u00f3 de la consulta popular que ha servit per escollir el nom de [&hellip;]","og_url":"https:\/\/wetown.app\/ca\/quart-escull-el-nom-duna-placa-amb-wetown","og_site_name":"WeTown","article_published_time":"2021-09-12T12:58:50+00:00","article_modified_time":"2026-01-12T16:30:22+00:00","og_image":[{"width":1200,"height":768,"url":"https:\/\/wetown.app\/wp-content\/uploads\/2023\/09\/WhatsApp-Image-2021-04-16-at-08.17.37.jpeg","type":"image\/jpeg"}],"author":"Codigital","twitter_card":"summary_large_image","twitter_misc":{"Escrit per":"Codigital","Temps estimat de lectura":"2 minuts"},"schema":{"@context":"https:\/\/schema.org","@graph":[{"@type":"Article","@id":"https:\/\/wetown.app\/ca\/quart-escull-el-nom-duna-placa-amb-wetown#article","isPartOf":{"@id":"https:\/\/wetown.app\/ca\/quart-escull-el-nom-duna-placa-amb-wetown"},"author":{"name":"Codigital","@id":"https:\/\/wetown.app\/ca\/#\/schema\/person\/a9ac1e739a3c357d4d78394f545504c5"},"headline":"Quart escull el nom d\u2019una pla\u00e7a amb WeTown","datePublished":"2021-09-12T12:58:50+00:00","dateModified":"2026-01-12T16:30:22+00:00","mainEntityOfPage":{"@id":"https:\/\/wetown.app\/ca\/quart-escull-el-nom-duna-placa-amb-wetown"},"wordCount":276,"publisher":{"@id":"https:\/\/wetown.app\/ca\/#organization"},"image":{"@id":"https:\/\/wetown.app\/ca\/quart-escull-el-nom-duna-placa-amb-wetown#primaryimage"},"thumbnailUrl":"https:\/\/wetown.app\/wp-content\/uploads\/2023\/09\/WhatsApp-Image-2021-04-16-at-08.17.37.jpeg","articleSection":["Actualitat"],"inLanguage":"ca"},{"@type":"WebPage","@id":"https:\/\/wetown.app\/ca\/quart-escull-el-nom-duna-placa-amb-wetown","url":"https:\/\/wetown.app\/ca\/quart-escull-el-nom-duna-placa-amb-wetown","name":"Quart escull el nom d\u2019una pla\u00e7a amb WeTown | WeTown","isPartOf":{"@id":"https:\/\/wetown.app\/ca\/#website"},"primaryImageOfPage":{"@id":"https:\/\/wetown.app\/ca\/quart-escull-el-nom-duna-placa-amb-wetown#primaryimage"},"image":{"@id":"https:\/\/wetown.app\/ca\/quart-escull-el-nom-duna-placa-amb-wetown#primaryimage"},"thumbnailUrl":"https:\/\/wetown.app\/wp-content\/uploads\/2023\/09\/WhatsApp-Image-2021-04-16-at-08.17.37.jpeg","datePublished":"2021-09-12T12:58:50+00:00","dateModified":"2026-01-12T16:30:22+00:00","breadcrumb":{"@id":"https:\/\/wetown.app\/ca\/quart-escull-el-nom-duna-placa-amb-wetown#breadcrumb"},"inLanguage":"ca","potentialAction":[{"@type":"ReadAction","target":["https:\/\/wetown.app\/ca\/quart-escull-el-nom-duna-placa-amb-wetown"]}]},{"@type":"ImageObject","inLanguage":"ca","@id":"https:\/\/wetown.app\/ca\/quart-escull-el-nom-duna-placa-amb-wetown#primaryimage","url":"https:\/\/wetown.app\/wp-content\/uploads\/2023\/09\/WhatsApp-Image-2021-04-16-at-08.17.37.jpeg","contentUrl":"https:\/\/wetown.app\/wp-content\/uploads\/2023\/09\/WhatsApp-Image-2021-04-16-at-08.17.37.jpeg","width":1200,"height":768},{"@type":"BreadcrumbList","@id":"https:\/\/wetown.app\/ca\/quart-escull-el-nom-duna-placa-amb-wetown#breadcrumb","itemListElement":[{"@type":"ListItem","position":1,"name":"Inici","item":"https:\/\/wetown.app\/ca"},{"@type":"ListItem","position":2,"name":"Quart escull el nom d\u2019una pla\u00e7a amb WeTown"}]},{"@type":"WebSite","@id":"https:\/\/wetown.app\/ca\/#website","url":"https:\/\/wetown.app\/ca\/","name":"WeTown","description":"El canal de comunicaci\u00f3 municipal","publisher":{"@id":"https:\/\/wetown.app\/ca\/#organization"},"alternateName":"wetown","potentialAction":[{"@type":"SearchAction","target":{"@type":"EntryPoint","urlTemplate":"https:\/\/wetown.app\/ca\/?s={search_term_string}"},"query-input":{"@type":"PropertyValueSpecification","valueRequired":true,"valueName":"search_term_string"}}],"inLanguage":"ca"},{"@type":"Organization","@id":"https:\/\/wetown.app\/ca\/#organization","name":"WeTown","alternateName":"WeTown","url":"https:\/\/wetown.app\/ca\/","logo":{"@type":"ImageObject","inLanguage":"ca","@id":"https:\/\/wetown.app\/ca\/#\/schema\/logo\/image\/","url":"https:\/\/wetown.app\/wp-content\/uploads\/2025\/10\/Logotip_WeTown_Horitzontal_Positiu.svg","contentUrl":"https:\/\/wetown.app\/wp-content\/uploads\/2025\/10\/Logotip_WeTown_Horitzontal_Positiu.svg","width":622,"height":120,"caption":"WeTown"},"image":{"@id":"https:\/\/wetown.app\/ca\/#\/schema\/logo\/image\/"}},{"@type":"Person","@id":"https:\/\/wetown.app\/ca\/#\/schema\/person\/a9ac1e739a3c357d4d78394f545504c5","name":"Codigital","image":{"@type":"ImageObject","inLanguage":"ca","@id":"https:\/\/secure.gravatar.com\/avatar\/103c9cda70d4ae7863e525770df3ff329a280e49540c3474b10e1094b6d86bd9?s=96&d=mm&r=g","url":"https:\/\/secure.gravatar.com\/avatar\/103c9cda70d4ae7863e525770df3ff329a280e49540c3474b10e1094b6d86bd9?s=96&d=mm&r=g","contentUrl":"https:\/\/secure.gravatar.com\/avatar\/103c9cda70d4ae7863e525770df3ff329a280e49540c3474b10e1094b6d86bd9?s=96&d=mm&r=g","caption":"Codigital"},"sameAs":["http:\/\/wetown.app"]}]}},"_links":{"self":[{"href":"https:\/\/wetown.app\/ca\/wp-json\/wp\/v2\/posts\/345","targetHints":{"allow":["GET"]}}],"collection":[{"href":"https:\/\/wetown.app\/ca\/wp-json\/wp\/v2\/posts"}],"about":[{"href":"https:\/\/wetown.app\/ca\/wp-json\/wp\/v2\/types\/post"}],"author":[{"embeddable":true,"href":"https:\/\/wetown.app\/ca\/wp-json\/wp\/v2\/users\/1"}],"replies":[{"embeddable":true,"href":"https:\/\/wetown.app\/ca\/wp-json\/wp\/v2\/comments?post=345"}],"version-history":[{"count":1,"href":"https:\/\/wetown.app\/ca\/wp-json\/wp\/v2\/posts\/345\/revisions"}],"predecessor-version":[{"id":8353,"href":"https:\/\/wetown.app\/ca\/wp-json\/wp\/v2\/posts\/345\/revisions\/8353"}],"wp:featuredmedia":[{"embeddable":true,"href":"https:\/\/wetown.app\/ca\/wp-json\/wp\/v2\/media\/346"}],"wp:attachment":[{"href":"https:\/\/wetown.app\/ca\/wp-json\/wp\/v2\/media?parent=345"}],"wp:term":[{"taxonomy":"category","embeddable":true,"href":"https:\/\/wetown.app\/ca\/wp-json\/wp\/v2\/categories?post=345"},{"taxonomy":"post_tag","embeddable":true,"href":"https:\/\/wetown.app\/ca\/wp-json\/wp\/v2\/tags?post=345"}],"curies":[{"name":"wp","href":"https:\/\/api.w.org\/{rel}","templated":true}]}}